
{"id":371,"date":"2024-09-24T18:27:46","date_gmt":"2024-09-24T16:27:46","guid":{"rendered":"https:\/\/www.seiltanz-nfe.de\/?p=371"},"modified":"2024-09-24T19:18:55","modified_gmt":"2024-09-24T17:18:55","slug":"ausflug-ins-neue-museum-nuernberg","status":"publish","type":"post","link":"https:\/\/www.seiltanz-nfe.de\/index.php\/2024\/09\/24\/ausflug-ins-neue-museum-nuernberg\/","title":{"rendered":"Ausflug ins Neue Museum N\u00fcrnberg"},"content":{"rendered":"\n<p>Im September war ich mit meinem Papa im Neuen Museum in N\u00fcrnberg!<\/p>\n\n\n\n<figure class=\"wp-block-image aligncenter size-large is-resized\"><img loading=\"lazy\" decoding=\"async\" width=\"1024\" height=\"768\" src=\"https:\/\/www.seiltanz-nfe.de\/wp-content\/uploads\/2024\/09\/PXL_20240924_161006883-1024x768.jpg\" alt=\"\" class=\"wp-image-372\" style=\"width:269px;height:auto\" srcset=\"https:\/\/www.seiltanz-nfe.de\/wp-content\/uploads\/2024\/09\/PXL_20240924_161006883-1024x768.jpg 1024w, https:\/\/www.seiltanz-nfe.de\/wp-content\/uploads\/2024\/09\/PXL_20240924_161006883-300x225.jpg 300w, https:\/\/www.seiltanz-nfe.de\/wp-content\/uploads\/2024\/09\/PXL_20240924_161006883-768x576.jpg 768w, https:\/\/www.seiltanz-nfe.de\/wp-content\/uploads\/2024\/09\/PXL_20240924_161006883-1536x1152.jpg 1536w, https:\/\/www.seiltanz-nfe.de\/wp-content\/uploads\/2024\/09\/PXL_20240924_161006883-2048x1536.jpg 2048w, https:\/\/www.seiltanz-nfe.de\/wp-content\/uploads\/2024\/09\/PXL_20240924_161006883-1000x750.jpg 1000w, https:\/\/www.seiltanz-nfe.de\/wp-content\/uploads\/2024\/09\/PXL_20240924_161006883-230x173.jpg 230w, https:\/\/www.seiltanz-nfe.de\/wp-content\/uploads\/2024\/09\/PXL_20240924_161006883-350x263.jpg 350w, https:\/\/www.seiltanz-nfe.de\/wp-content\/uploads\/2024\/09\/PXL_20240924_161006883-480x360.jpg 480w\" sizes=\"auto, (max-width: 1024px) 100vw, 1024px\" \/><\/figure>\n\n\n\n<p>Das Neue Museum N\u00fcrnberg hat immer neue Ausstellungen zum Thema Kunst und Design. Dort findet man im Moment riesige Bilder und komische Dinge, die ich aber sehr interessant fand:<\/p>\n\n\n\n<figure class=\"wp-block-image size-large\"><img loading=\"lazy\" decoding=\"async\" width=\"1024\" height=\"768\" src=\"https:\/\/www.seiltanz-nfe.de\/wp-content\/uploads\/2024\/09\/PXL_20240924_092259240-1024x768.jpg\" alt=\"\" class=\"wp-image-373\" srcset=\"https:\/\/www.seiltanz-nfe.de\/wp-content\/uploads\/2024\/09\/PXL_20240924_092259240-1024x768.jpg 1024w, https:\/\/www.seiltanz-nfe.de\/wp-content\/uploads\/2024\/09\/PXL_20240924_092259240-300x225.jpg 300w, https:\/\/www.seiltanz-nfe.de\/wp-content\/uploads\/2024\/09\/PXL_20240924_092259240-768x576.jpg 768w, https:\/\/www.seiltanz-nfe.de\/wp-content\/uploads\/2024\/09\/PXL_20240924_092259240-1536x1152.jpg 1536w, https:\/\/www.seiltanz-nfe.de\/wp-content\/uploads\/2024\/09\/PXL_20240924_092259240-2048x1536.jpg 2048w, https:\/\/www.seiltanz-nfe.de\/wp-content\/uploads\/2024\/09\/PXL_20240924_092259240-1000x750.jpg 1000w, https:\/\/www.seiltanz-nfe.de\/wp-content\/uploads\/2024\/09\/PXL_20240924_092259240-230x173.jpg 230w, https:\/\/www.seiltanz-nfe.de\/wp-content\/uploads\/2024\/09\/PXL_20240924_092259240-350x263.jpg 350w, https:\/\/www.seiltanz-nfe.de\/wp-content\/uploads\/2024\/09\/PXL_20240924_092259240-480x360.jpg 480w\" sizes=\"auto, (max-width: 1024px) 100vw, 1024px\" \/><\/figure>\n\n\n\n<p>Das war ein gro\u00dfer zweiteiliger Spiegel, der sich gedreht hat. Ich konnte mich immer doppelt sehen und mal stand ich auf dem Kopf!<\/p>\n\n\n\n<figure class=\"wp-block-image aligncenter size-large is-resized\"><img loading=\"lazy\" decoding=\"async\" width=\"768\" height=\"1024\" src=\"https:\/\/www.seiltanz-nfe.de\/wp-content\/uploads\/2024\/09\/PXL_20240924_093702667-768x1024.jpg\" alt=\"\" class=\"wp-image-375\" style=\"width:311px;height:auto\" srcset=\"https:\/\/www.seiltanz-nfe.de\/wp-content\/uploads\/2024\/09\/PXL_20240924_093702667-768x1024.jpg 768w, https:\/\/www.seiltanz-nfe.de\/wp-content\/uploads\/2024\/09\/PXL_20240924_093702667-225x300.jpg 225w, https:\/\/www.seiltanz-nfe.de\/wp-content\/uploads\/2024\/09\/PXL_20240924_093702667-1152x1536.jpg 1152w, https:\/\/www.seiltanz-nfe.de\/wp-content\/uploads\/2024\/09\/PXL_20240924_093702667-1536x2048.jpg 1536w, https:\/\/www.seiltanz-nfe.de\/wp-content\/uploads\/2024\/09\/PXL_20240924_093702667-1000x1333.jpg 1000w, https:\/\/www.seiltanz-nfe.de\/wp-content\/uploads\/2024\/09\/PXL_20240924_093702667-230x307.jpg 230w, https:\/\/www.seiltanz-nfe.de\/wp-content\/uploads\/2024\/09\/PXL_20240924_093702667-350x467.jpg 350w, https:\/\/www.seiltanz-nfe.de\/wp-content\/uploads\/2024\/09\/PXL_20240924_093702667-480x640.jpg 480w, https:\/\/www.seiltanz-nfe.de\/wp-content\/uploads\/2024\/09\/PXL_20240924_093702667-scaled.jpg 1920w\" sizes=\"auto, (max-width: 768px) 100vw, 768px\" \/><\/figure>\n\n\n\n<p>Hier hat mein Papa einen Museumsd\u00e4mon im Hut ausprobiert. Der hat ihm immer genau zu dem Objekt, bei dem er grad stand, etwas spannendes erz\u00e4hlt. Mir hat das nicht so einen Spa\u00df gemacht, da ich wieder mal viele Dinge aus meinem Rollstuhl heraus nicht sehen konnte. Da sollte das Museum echt mal was machen!!<\/p>\n\n\n\n<figure class=\"wp-block-image size-large\"><img loading=\"lazy\" decoding=\"async\" width=\"1024\" height=\"768\" src=\"https:\/\/www.seiltanz-nfe.de\/wp-content\/uploads\/2024\/09\/PXL_20240924_095504741-1024x768.jpg\" alt=\"\" class=\"wp-image-376\" srcset=\"https:\/\/www.seiltanz-nfe.de\/wp-content\/uploads\/2024\/09\/PXL_20240924_095504741-1024x768.jpg 1024w, https:\/\/www.seiltanz-nfe.de\/wp-content\/uploads\/2024\/09\/PXL_20240924_095504741-300x225.jpg 300w, https:\/\/www.seiltanz-nfe.de\/wp-content\/uploads\/2024\/09\/PXL_20240924_095504741-768x576.jpg 768w, https:\/\/www.seiltanz-nfe.de\/wp-content\/uploads\/2024\/09\/PXL_20240924_095504741-1536x1152.jpg 1536w, https:\/\/www.seiltanz-nfe.de\/wp-content\/uploads\/2024\/09\/PXL_20240924_095504741-2048x1536.jpg 2048w, https:\/\/www.seiltanz-nfe.de\/wp-content\/uploads\/2024\/09\/PXL_20240924_095504741-1000x750.jpg 1000w, https:\/\/www.seiltanz-nfe.de\/wp-content\/uploads\/2024\/09\/PXL_20240924_095504741-230x173.jpg 230w, https:\/\/www.seiltanz-nfe.de\/wp-content\/uploads\/2024\/09\/PXL_20240924_095504741-350x263.jpg 350w, https:\/\/www.seiltanz-nfe.de\/wp-content\/uploads\/2024\/09\/PXL_20240924_095504741-480x360.jpg 480w\" sizes=\"auto, (max-width: 1024px) 100vw, 1024px\" \/><\/figure>\n\n\n\n<p>Das hier war echt komisch. Eine Frau steht vor einem Hochhaus und schreit ganz laut &#8211; dann ist sie wieder still &#8211; dann schreit sie wieder, aber wie laut! <\/p>\n\n\n\n<figure class=\"wp-block-image size-large\"><img loading=\"lazy\" decoding=\"async\" width=\"1024\" height=\"768\" src=\"https:\/\/www.seiltanz-nfe.de\/wp-content\/uploads\/2024\/09\/PXL_20240924_095856203-1024x768.jpg\" alt=\"\" class=\"wp-image-377\" srcset=\"https:\/\/www.seiltanz-nfe.de\/wp-content\/uploads\/2024\/09\/PXL_20240924_095856203-1024x768.jpg 1024w, https:\/\/www.seiltanz-nfe.de\/wp-content\/uploads\/2024\/09\/PXL_20240924_095856203-300x225.jpg 300w, https:\/\/www.seiltanz-nfe.de\/wp-content\/uploads\/2024\/09\/PXL_20240924_095856203-768x576.jpg 768w, https:\/\/www.seiltanz-nfe.de\/wp-content\/uploads\/2024\/09\/PXL_20240924_095856203-1536x1152.jpg 1536w, https:\/\/www.seiltanz-nfe.de\/wp-content\/uploads\/2024\/09\/PXL_20240924_095856203-2048x1536.jpg 2048w, https:\/\/www.seiltanz-nfe.de\/wp-content\/uploads\/2024\/09\/PXL_20240924_095856203-1000x750.jpg 1000w, https:\/\/www.seiltanz-nfe.de\/wp-content\/uploads\/2024\/09\/PXL_20240924_095856203-230x173.jpg 230w, https:\/\/www.seiltanz-nfe.de\/wp-content\/uploads\/2024\/09\/PXL_20240924_095856203-350x263.jpg 350w, https:\/\/www.seiltanz-nfe.de\/wp-content\/uploads\/2024\/09\/PXL_20240924_095856203-480x360.jpg 480w\" sizes=\"auto, (max-width: 1024px) 100vw, 1024px\" \/><\/figure>\n\n\n\n<p>Dann gab es noch im dritten Stock eine Ausstellung von Gerhard Richter. Die hat mir aber nicht so gefallen. Nur Bilder&#8230;<\/p>\n\n\n\n<p>Dann hatte ich Hunger und wir haben Pizza in N\u00fcrnberg gegessen. Dann bin ich erstmal eingeschlafen&#8230;.<\/p>\n","protected":false},"excerpt":{"rendered":"<p>Im September war ich mit meinem Papa im Neuen Museum in N\u00fcrnberg! Das Neue Museum N\u00fcrnberg hat immer neue Ausstellungen zum Thema [&hellip;]<\/p>\n","protected":false},"author":1,"featured_media":0,"comment_status":"closed","ping_status":"closed","sticky":false,"template":"","format":"standard","meta":{"footnotes":""},"categories":[1],"tags":[],"class_list":["post-371","post","type-post","status-publish","format-standard","hentry","category-aktionen"],"yoast_head":"<!-- This site is optimized with the Yoast SEO plugin v27.0 - https:\/\/yoast.com\/product\/yoast-seo-wordpress\/ -->\n<title>Ausflug ins Neue Museum N\u00fcrnberg - Seiltanz - nfe<\/title>\n<meta name=\"robots\" content=\"index, follow, max-snippet:-1, max-image-preview:large, max-video-preview:-1\" \/>\n<link rel=\"canonical\" href=\"https:\/\/www.seiltanz-nfe.de\/index.php\/2024\/09\/24\/ausflug-ins-neue-museum-nuernberg\/\" \/>\n<meta property=\"og:locale\" content=\"de_DE\" \/>\n<meta property=\"og:type\" content=\"article\" \/>\n<meta property=\"og:title\" content=\"Ausflug ins Neue Museum N\u00fcrnberg - Seiltanz - nfe\" \/>\n<meta property=\"og:description\" content=\"Im September war ich mit meinem Papa im Neuen Museum in N\u00fcrnberg! Das Neue Museum N\u00fcrnberg hat immer neue Ausstellungen zum Thema [&hellip;]\" \/>\n<meta property=\"og:url\" content=\"https:\/\/www.seiltanz-nfe.de\/index.php\/2024\/09\/24\/ausflug-ins-neue-museum-nuernberg\/\" \/>\n<meta property=\"og:site_name\" content=\"Seiltanz - nfe\" \/>\n<meta property=\"article:published_time\" content=\"2024-09-24T16:27:46+00:00\" \/>\n<meta property=\"article:modified_time\" content=\"2024-09-24T17:18:55+00:00\" \/>\n<meta property=\"og:image\" content=\"https:\/\/www.seiltanz-nfe.de\/wp-content\/uploads\/2024\/09\/PXL_20240924_161006883-1024x768.jpg\" \/>\n<meta name=\"author\" content=\"ud\" \/>\n<meta name=\"twitter:card\" content=\"summary_large_image\" \/>\n<meta name=\"twitter:label1\" content=\"Verfasst von\" \/>\n\t<meta name=\"twitter:data1\" content=\"ud\" \/>\n\t<meta name=\"twitter:label2\" content=\"Gesch\u00e4tzte Lesezeit\" \/>\n\t<meta name=\"twitter:data2\" content=\"3\u00a0Minuten\" \/>\n<script type=\"application\/ld+json\" class=\"yoast-schema-graph\">{\"@context\":\"https:\/\/schema.org\",\"@graph\":[{\"@type\":\"Article\",\"@id\":\"https:\/\/www.seiltanz-nfe.de\/index.php\/2024\/09\/24\/ausflug-ins-neue-museum-nuernberg\/#article\",\"isPartOf\":{\"@id\":\"https:\/\/www.seiltanz-nfe.de\/index.php\/2024\/09\/24\/ausflug-ins-neue-museum-nuernberg\/\"},\"author\":{\"name\":\"ud\",\"@id\":\"https:\/\/www.seiltanz-nfe.de\/#\/schema\/person\/6769eb9ee5d36d2011f7c53df49e2a41\"},\"headline\":\"Ausflug ins Neue Museum N\u00fcrnberg\",\"datePublished\":\"2024-09-24T16:27:46+00:00\",\"dateModified\":\"2024-09-24T17:18:55+00:00\",\"mainEntityOfPage\":{\"@id\":\"https:\/\/www.seiltanz-nfe.de\/index.php\/2024\/09\/24\/ausflug-ins-neue-museum-nuernberg\/\"},\"wordCount\":196,\"publisher\":{\"@id\":\"https:\/\/www.seiltanz-nfe.de\/#\/schema\/person\/ad9e532829f02a0072e2b3a93fe70116\"},\"image\":{\"@id\":\"https:\/\/www.seiltanz-nfe.de\/index.php\/2024\/09\/24\/ausflug-ins-neue-museum-nuernberg\/#primaryimage\"},\"thumbnailUrl\":\"https:\/\/www.seiltanz-nfe.de\/wp-content\/uploads\/2024\/09\/PXL_20240924_161006883-1024x768.jpg\",\"articleSection\":[\"Aktionen\"],\"inLanguage\":\"de\"},{\"@type\":\"WebPage\",\"@id\":\"https:\/\/www.seiltanz-nfe.de\/index.php\/2024\/09\/24\/ausflug-ins-neue-museum-nuernberg\/\",\"url\":\"https:\/\/www.seiltanz-nfe.de\/index.php\/2024\/09\/24\/ausflug-ins-neue-museum-nuernberg\/\",\"name\":\"Ausflug ins Neue Museum N\u00fcrnberg - Seiltanz - nfe\",\"isPartOf\":{\"@id\":\"https:\/\/www.seiltanz-nfe.de\/#website\"},\"primaryImageOfPage\":{\"@id\":\"https:\/\/www.seiltanz-nfe.de\/index.php\/2024\/09\/24\/ausflug-ins-neue-museum-nuernberg\/#primaryimage\"},\"image\":{\"@id\":\"https:\/\/www.seiltanz-nfe.de\/index.php\/2024\/09\/24\/ausflug-ins-neue-museum-nuernberg\/#primaryimage\"},\"thumbnailUrl\":\"https:\/\/www.seiltanz-nfe.de\/wp-content\/uploads\/2024\/09\/PXL_20240924_161006883-1024x768.jpg\",\"datePublished\":\"2024-09-24T16:27:46+00:00\",\"dateModified\":\"2024-09-24T17:18:55+00:00\",\"breadcrumb\":{\"@id\":\"https:\/\/www.seiltanz-nfe.de\/index.php\/2024\/09\/24\/ausflug-ins-neue-museum-nuernberg\/#breadcrumb\"},\"inLanguage\":\"de\",\"potentialAction\":[{\"@type\":\"ReadAction\",\"target\":[\"https:\/\/www.seiltanz-nfe.de\/index.php\/2024\/09\/24\/ausflug-ins-neue-museum-nuernberg\/\"]}]},{\"@type\":\"ImageObject\",\"inLanguage\":\"de\",\"@id\":\"https:\/\/www.seiltanz-nfe.de\/index.php\/2024\/09\/24\/ausflug-ins-neue-museum-nuernberg\/#primaryimage\",\"url\":\"https:\/\/www.seiltanz-nfe.de\/wp-content\/uploads\/2024\/09\/PXL_20240924_161006883-scaled.jpg\",\"contentUrl\":\"https:\/\/www.seiltanz-nfe.de\/wp-content\/uploads\/2024\/09\/PXL_20240924_161006883-scaled.jpg\",\"width\":2560,\"height\":1920},{\"@type\":\"BreadcrumbList\",\"@id\":\"https:\/\/www.seiltanz-nfe.de\/index.php\/2024\/09\/24\/ausflug-ins-neue-museum-nuernberg\/#breadcrumb\",\"itemListElement\":[{\"@type\":\"ListItem\",\"position\":1,\"name\":\"Startseite\",\"item\":\"https:\/\/www.seiltanz-nfe.de\/\"},{\"@type\":\"ListItem\",\"position\":2,\"name\":\"Ausflug ins Neue Museum N\u00fcrnberg\"}]},{\"@type\":\"WebSite\",\"@id\":\"https:\/\/www.seiltanz-nfe.de\/#website\",\"url\":\"https:\/\/www.seiltanz-nfe.de\/\",\"name\":\"Seiltanz - nfe\",\"description\":\"&quot;Wessen wir am meisten im Leben bed\u00fcrfen, ist jemand, der uns dazu bringt, das zu tun, wessen wir f\u00e4hig sind.&quot; Ralph Waldo Emerson\",\"publisher\":{\"@id\":\"https:\/\/www.seiltanz-nfe.de\/#\/schema\/person\/ad9e532829f02a0072e2b3a93fe70116\"},\"potentialAction\":[{\"@type\":\"SearchAction\",\"target\":{\"@type\":\"EntryPoint\",\"urlTemplate\":\"https:\/\/www.seiltanz-nfe.de\/?s={search_term_string}\"},\"query-input\":{\"@type\":\"PropertyValueSpecification\",\"valueRequired\":true,\"valueName\":\"search_term_string\"}}],\"inLanguage\":\"de\"},{\"@type\":[\"Person\",\"Organization\"],\"@id\":\"https:\/\/www.seiltanz-nfe.de\/#\/schema\/person\/ad9e532829f02a0072e2b3a93fe70116\",\"name\":\"Marlene\",\"image\":{\"@type\":\"ImageObject\",\"inLanguage\":\"de\",\"@id\":\"https:\/\/www.seiltanz-nfe.de\/#\/schema\/person\/image\/\",\"url\":\"https:\/\/secure.gravatar.com\/avatar\/e10aeb99abca2cd4decf0be3d1a13e9de7b94293439f168f9db131ad6367e571?s=96&d=mm&r=g\",\"contentUrl\":\"https:\/\/secure.gravatar.com\/avatar\/e10aeb99abca2cd4decf0be3d1a13e9de7b94293439f168f9db131ad6367e571?s=96&d=mm&r=g\",\"caption\":\"Marlene\"},\"logo\":{\"@id\":\"https:\/\/www.seiltanz-nfe.de\/#\/schema\/person\/image\/\"},\"sameAs\":[\"https:\/\/seiltanz-nfe.de\"]},{\"@type\":\"Person\",\"@id\":\"https:\/\/www.seiltanz-nfe.de\/#\/schema\/person\/6769eb9ee5d36d2011f7c53df49e2a41\",\"name\":\"ud\",\"image\":{\"@type\":\"ImageObject\",\"inLanguage\":\"de\",\"@id\":\"https:\/\/www.seiltanz-nfe.de\/#\/schema\/person\/image\/\",\"url\":\"https:\/\/secure.gravatar.com\/avatar\/220996f27d734651caa35a439314638bfc006af4351e183b2b2b4180366c098c?s=96&d=mm&r=g\",\"contentUrl\":\"https:\/\/secure.gravatar.com\/avatar\/220996f27d734651caa35a439314638bfc006af4351e183b2b2b4180366c098c?s=96&d=mm&r=g\",\"caption\":\"ud\"},\"sameAs\":[\"https:\/\/www.seiltanz-nfe.de\"],\"url\":\"https:\/\/www.seiltanz-nfe.de\/index.php\/author\/\/\"}]}<\/script>\n<!-- \/ Yoast SEO plugin. -->","yoast_head_json":{"title":"Ausflug ins Neue Museum N\u00fcrnberg - Seiltanz - nfe","robots":{"index":"index","follow":"follow","max-snippet":"max-snippet:-1","max-image-preview":"max-image-preview:large","max-video-preview":"max-video-preview:-1"},"canonical":"https:\/\/www.seiltanz-nfe.de\/index.php\/2024\/09\/24\/ausflug-ins-neue-museum-nuernberg\/","og_locale":"de_DE","og_type":"article","og_title":"Ausflug ins Neue Museum N\u00fcrnberg - Seiltanz - nfe","og_description":"Im September war ich mit meinem Papa im Neuen Museum in N\u00fcrnberg! Das Neue Museum N\u00fcrnberg hat immer neue Ausstellungen zum Thema [&hellip;]","og_url":"https:\/\/www.seiltanz-nfe.de\/index.php\/2024\/09\/24\/ausflug-ins-neue-museum-nuernberg\/","og_site_name":"Seiltanz - nfe","article_published_time":"2024-09-24T16:27:46+00:00","article_modified_time":"2024-09-24T17:18:55+00:00","og_image":[{"url":"https:\/\/www.seiltanz-nfe.de\/wp-content\/uploads\/2024\/09\/PXL_20240924_161006883-1024x768.jpg","type":"","width":"","height":""}],"author":"ud","twitter_card":"summary_large_image","twitter_misc":{"Verfasst von":"ud","Gesch\u00e4tzte Lesezeit":"3\u00a0Minuten"},"schema":{"@context":"https:\/\/schema.org","@graph":[{"@type":"Article","@id":"https:\/\/www.seiltanz-nfe.de\/index.php\/2024\/09\/24\/ausflug-ins-neue-museum-nuernberg\/#article","isPartOf":{"@id":"https:\/\/www.seiltanz-nfe.de\/index.php\/2024\/09\/24\/ausflug-ins-neue-museum-nuernberg\/"},"author":{"name":"ud","@id":"https:\/\/www.seiltanz-nfe.de\/#\/schema\/person\/6769eb9ee5d36d2011f7c53df49e2a41"},"headline":"Ausflug ins Neue Museum N\u00fcrnberg","datePublished":"2024-09-24T16:27:46+00:00","dateModified":"2024-09-24T17:18:55+00:00","mainEntityOfPage":{"@id":"https:\/\/www.seiltanz-nfe.de\/index.php\/2024\/09\/24\/ausflug-ins-neue-museum-nuernberg\/"},"wordCount":196,"publisher":{"@id":"https:\/\/www.seiltanz-nfe.de\/#\/schema\/person\/ad9e532829f02a0072e2b3a93fe70116"},"image":{"@id":"https:\/\/www.seiltanz-nfe.de\/index.php\/2024\/09\/24\/ausflug-ins-neue-museum-nuernberg\/#primaryimage"},"thumbnailUrl":"https:\/\/www.seiltanz-nfe.de\/wp-content\/uploads\/2024\/09\/PXL_20240924_161006883-1024x768.jpg","articleSection":["Aktionen"],"inLanguage":"de"},{"@type":"WebPage","@id":"https:\/\/www.seiltanz-nfe.de\/index.php\/2024\/09\/24\/ausflug-ins-neue-museum-nuernberg\/","url":"https:\/\/www.seiltanz-nfe.de\/index.php\/2024\/09\/24\/ausflug-ins-neue-museum-nuernberg\/","name":"Ausflug ins Neue Museum N\u00fcrnberg - Seiltanz - nfe","isPartOf":{"@id":"https:\/\/www.seiltanz-nfe.de\/#website"},"primaryImageOfPage":{"@id":"https:\/\/www.seiltanz-nfe.de\/index.php\/2024\/09\/24\/ausflug-ins-neue-museum-nuernberg\/#primaryimage"},"image":{"@id":"https:\/\/www.seiltanz-nfe.de\/index.php\/2024\/09\/24\/ausflug-ins-neue-museum-nuernberg\/#primaryimage"},"thumbnailUrl":"https:\/\/www.seiltanz-nfe.de\/wp-content\/uploads\/2024\/09\/PXL_20240924_161006883-1024x768.jpg","datePublished":"2024-09-24T16:27:46+00:00","dateModified":"2024-09-24T17:18:55+00:00","breadcrumb":{"@id":"https:\/\/www.seiltanz-nfe.de\/index.php\/2024\/09\/24\/ausflug-ins-neue-museum-nuernberg\/#breadcrumb"},"inLanguage":"de","potentialAction":[{"@type":"ReadAction","target":["https:\/\/www.seiltanz-nfe.de\/index.php\/2024\/09\/24\/ausflug-ins-neue-museum-nuernberg\/"]}]},{"@type":"ImageObject","inLanguage":"de","@id":"https:\/\/www.seiltanz-nfe.de\/index.php\/2024\/09\/24\/ausflug-ins-neue-museum-nuernberg\/#primaryimage","url":"https:\/\/www.seiltanz-nfe.de\/wp-content\/uploads\/2024\/09\/PXL_20240924_161006883-scaled.jpg","contentUrl":"https:\/\/www.seiltanz-nfe.de\/wp-content\/uploads\/2024\/09\/PXL_20240924_161006883-scaled.jpg","width":2560,"height":1920},{"@type":"BreadcrumbList","@id":"https:\/\/www.seiltanz-nfe.de\/index.php\/2024\/09\/24\/ausflug-ins-neue-museum-nuernberg\/#breadcrumb","itemListElement":[{"@type":"ListItem","position":1,"name":"Startseite","item":"https:\/\/www.seiltanz-nfe.de\/"},{"@type":"ListItem","position":2,"name":"Ausflug ins Neue Museum N\u00fcrnberg"}]},{"@type":"WebSite","@id":"https:\/\/www.seiltanz-nfe.de\/#website","url":"https:\/\/www.seiltanz-nfe.de\/","name":"Seiltanz - nfe","description":"&quot;Wessen wir am meisten im Leben bed\u00fcrfen, ist jemand, der uns dazu bringt, das zu tun, wessen wir f\u00e4hig sind.&quot; Ralph Waldo Emerson","publisher":{"@id":"https:\/\/www.seiltanz-nfe.de\/#\/schema\/person\/ad9e532829f02a0072e2b3a93fe70116"},"potentialAction":[{"@type":"SearchAction","target":{"@type":"EntryPoint","urlTemplate":"https:\/\/www.seiltanz-nfe.de\/?s={search_term_string}"},"query-input":{"@type":"PropertyValueSpecification","valueRequired":true,"valueName":"search_term_string"}}],"inLanguage":"de"},{"@type":["Person","Organization"],"@id":"https:\/\/www.seiltanz-nfe.de\/#\/schema\/person\/ad9e532829f02a0072e2b3a93fe70116","name":"Marlene","image":{"@type":"ImageObject","inLanguage":"de","@id":"https:\/\/www.seiltanz-nfe.de\/#\/schema\/person\/image\/","url":"https:\/\/secure.gravatar.com\/avatar\/e10aeb99abca2cd4decf0be3d1a13e9de7b94293439f168f9db131ad6367e571?s=96&d=mm&r=g","contentUrl":"https:\/\/secure.gravatar.com\/avatar\/e10aeb99abca2cd4decf0be3d1a13e9de7b94293439f168f9db131ad6367e571?s=96&d=mm&r=g","caption":"Marlene"},"logo":{"@id":"https:\/\/www.seiltanz-nfe.de\/#\/schema\/person\/image\/"},"sameAs":["https:\/\/seiltanz-nfe.de"]},{"@type":"Person","@id":"https:\/\/www.seiltanz-nfe.de\/#\/schema\/person\/6769eb9ee5d36d2011f7c53df49e2a41","name":"ud","image":{"@type":"ImageObject","inLanguage":"de","@id":"https:\/\/www.seiltanz-nfe.de\/#\/schema\/person\/image\/","url":"https:\/\/secure.gravatar.com\/avatar\/220996f27d734651caa35a439314638bfc006af4351e183b2b2b4180366c098c?s=96&d=mm&r=g","contentUrl":"https:\/\/secure.gravatar.com\/avatar\/220996f27d734651caa35a439314638bfc006af4351e183b2b2b4180366c098c?s=96&d=mm&r=g","caption":"ud"},"sameAs":["https:\/\/www.seiltanz-nfe.de"],"url":"https:\/\/www.seiltanz-nfe.de\/index.php\/author\/\/"}]}},"_links":{"self":[{"href":"https:\/\/www.seiltanz-nfe.de\/index.php\/wp-json\/wp\/v2\/posts\/371","targetHints":{"allow":["GET"]}}],"collection":[{"href":"https:\/\/www.seiltanz-nfe.de\/index.php\/wp-json\/wp\/v2\/posts"}],"about":[{"href":"https:\/\/www.seiltanz-nfe.de\/index.php\/wp-json\/wp\/v2\/types\/post"}],"author":[{"embeddable":true,"href":"https:\/\/www.seiltanz-nfe.de\/index.php\/wp-json\/wp\/v2\/users\/1"}],"replies":[{"embeddable":true,"href":"https:\/\/www.seiltanz-nfe.de\/index.php\/wp-json\/wp\/v2\/comments?post=371"}],"version-history":[{"count":1,"href":"https:\/\/www.seiltanz-nfe.de\/index.php\/wp-json\/wp\/v2\/posts\/371\/revisions"}],"predecessor-version":[{"id":378,"href":"https:\/\/www.seiltanz-nfe.de\/index.php\/wp-json\/wp\/v2\/posts\/371\/revisions\/378"}],"wp:attachment":[{"href":"https:\/\/www.seiltanz-nfe.de\/index.php\/wp-json\/wp\/v2\/media?parent=371"}],"wp:term":[{"taxonomy":"category","embeddable":true,"href":"https:\/\/www.seiltanz-nfe.de\/index.php\/wp-json\/wp\/v2\/categories?post=371"},{"taxonomy":"post_tag","embeddable":true,"href":"https:\/\/www.seiltanz-nfe.de\/index.php\/wp-json\/wp\/v2\/tags?post=371"}],"curies":[{"name":"wp","href":"https:\/\/api.w.org\/{rel}","templated":true}]}}